{"id":1293,"date":"2022-03-27T21:33:36","date_gmt":"2022-03-27T19:33:36","guid":{"rendered":"https:\/\/www.rollers-coquillages.org\/?p=1293"},"modified":"2022-03-27T21:41:33","modified_gmt":"2022-03-27T19:41:33","slug":"communique-suspension-provisoire-des-randonnees-rc","status":"publish","type":"post","link":"https:\/\/www.rollers-coquillages.org\/fr\/2022\/03\/27\/communique-suspension-provisoire-des-randonnees-rc\/","title":{"rendered":"Communiqu\u00e9 : suspension provisoire des randonn\u00e9es R&#038;C"},"content":{"rendered":"<body><p><img data-recalc-dims=\"1\" loading=\"lazy\" decoding=\"async\" class=\"alignleft wp-image-1294 size-medium\" src=\"https:\/\/i0.wp.com\/www.rollers-coquillages.org\/wp2019\/wp-content\/uploads\/2022\/03\/encadrement-rando.jpg?resize=225%2C300&#038;ssl=1\" alt=\"encadrement de la rando\" width=\"225\" height=\"300\" srcset=\"https:\/\/i0.wp.com\/www.rollers-coquillages.org\/wp2019\/wp-content\/uploads\/2022\/03\/encadrement-rando.jpg?resize=225%2C300&amp;ssl=1 225w, https:\/\/i0.wp.com\/www.rollers-coquillages.org\/wp2019\/wp-content\/uploads\/2022\/03\/encadrement-rando.jpg?resize=768%2C1024&amp;ssl=1 768w, https:\/\/i0.wp.com\/www.rollers-coquillages.org\/wp2019\/wp-content\/uploads\/2022\/03\/encadrement-rando.jpg?resize=87%2C116&amp;ssl=1 87w, https:\/\/i0.wp.com\/www.rollers-coquillages.org\/wp2019\/wp-content\/uploads\/2022\/03\/encadrement-rando.jpg?w=900&amp;ssl=1 900w\" sizes=\"auto, (max-width: 225px) 100vw, 225px\">Bonjour \u00e0 tous,<\/p>\n<p>Cela ne vous a pas \u00e9chapp\u00e9, depuis plusieurs semaines il n\u2019y a plus la randonn\u00e9e Rollers &amp; Coquillages !<br>\nVous \u00eates nombreux \u00e0 nous demander pourquoi et nous voulons clarifier la situation :<\/p>\n<p>Depuis l\u2019\u00e9t\u00e9 dernier, la Pr\u00e9fecture de Police a d\u00e9cid\u00e9 de ne plus nous fournir d\u2019<strong>escorte polici\u00e8re<\/strong>, <!--more-->tout en continuant \u00e0 autoriser les randonn\u00e9es. Nous avons voulu essayer de maintenir ces randonn\u00e9es avec le seul encadrement de notre staff b\u00e9n\u00e9vole, ainsi que le support de la Croix Rouge.<\/p>\n<p>Malheureusement, sans escorte polici\u00e8re, les incivilit\u00e9s et les \u201caccrochages\u201d avec les autres usagers de la route (motoris\u00e9s ou non) se sont multipli\u00e9s, imposant un stress de plus en plus intense \u00e0 nos staffeurs ainsi qu\u2019aux b\u00e9n\u00e9voles secouristes de la Croix-Rouge qui ferment le cort\u00e8ge avec leur v\u00e9hicule.<\/p>\n<p>R\u00e9cemment, la direction de la <strong>Croix-Rouge<\/strong> nous a avis\u00e9s qu\u2019ils jugeaient la situation inappropri\u00e9e pour leurs \u00e9quipes dont le r\u00f4le n\u2019est pas de participer au maintien de l\u2019ordre et qu\u2019ils ne pourraient donc plus assurer notre accompagnement secouriste tant qu\u2019une escorte polici\u00e8re ne sera pas r\u00e9tablie. C\u2019est une d\u00e9cision malheureuse, mais parfaitement compr\u00e9hensible et respectable.<\/p>\n<p>Depuis bient\u00f4t 25 ans, votre s\u00e9curit\u00e9 est un point essentiel de notre rassemblement.<br>\nD\u00e8s lors, il est hors de question d\u2019organiser la randonn\u00e9e du dimanche sans v\u00e9hicule de secours.<\/p>\n<p>Nous alertons les autorit\u00e9s pr\u00e9fectorales sur les probl\u00e8mes que le retrait de leur escorte nous pose, depuis plusieurs mois. Nous avons r\u00e9activ\u00e9 ces d\u00e9marches ainsi qu\u2019en direction des \u00e9lus municipaux pour tenter de trouver des modalit\u00e9s ramenant la s\u00e9curit\u00e9 et la s\u00e9r\u00e9nit\u00e9 sur nos randonn\u00e9es.<br>\n<strong>Ces concertations sont en cours.<\/strong><\/p>\n<p><strong>Dans l\u2019int\u00e9rim, les randonn\u00e9es officielles et encadr\u00e9es sont h\u00e9las suspendues. <\/strong><br>\nNous vous tiendrons bien s\u00fbr inform\u00e9s d\u00e8s qu\u2019il y aura du nouveau.<br>\nNous comptons sur votre compr\u00e9hension et votre soutien.<\/p><\/body>","protected":false},"excerpt":{"rendered":"<p>Bonjour \u00e0 tous, Cela ne vous a pas \u00e9chapp\u00e9, depuis plusieurs semaines il n\u2019y a plus la randonn\u00e9e Rollers &amp; &hellip; <a href=\"https:\/\/www.rollers-coquillages.org\/fr\/2022\/03\/27\/communique-suspension-provisoire-des-randonnees-rc\/\" class=\"more-link\">Continue reading <span class=\"screen-reader-text\">Communiqu\u00e9 : suspension provisoire des randonn\u00e9es R&#038;C<\/span><\/a><\/p>\n","protected":false},"author":1,"featured_media":1294,"comment_status":"closed","ping_status":"open","sticky":false,"template":"","format":"standard","meta":{"_jetpack_memberships_contains_paid_content":false,"footnotes":""},"categories":[1],"tags":[],"class_list":["post-1293","post","type-post","status-publish","format-standard","has-post-thumbnail","hentry","category-non-classe"],"jetpack_featured_media_url":"https:\/\/i0.wp.com\/www.rollers-coquillages.org\/wp2019\/wp-content\/uploads\/2022\/03\/encadrement-rando.jpg?fit=900%2C1200&ssl=1","jetpack_sharing_enabled":true,"_links":{"self":[{"href":"https:\/\/www.rollers-coquillages.org\/fr\/wp-json\/wp\/v2\/posts\/1293","targetHints":{"allow":["GET"]}}],"collection":[{"href":"https:\/\/www.rollers-coquillages.org\/fr\/wp-json\/wp\/v2\/posts"}],"about":[{"href":"https:\/\/www.rollers-coquillages.org\/fr\/wp-json\/wp\/v2\/types\/post"}],"author":[{"embeddable":true,"href":"https:\/\/www.rollers-coquillages.org\/fr\/wp-json\/wp\/v2\/users\/1"}],"replies":[{"embeddable":true,"href":"https:\/\/www.rollers-coquillages.org\/fr\/wp-json\/wp\/v2\/comments?post=1293"}],"version-history":[{"count":5,"href":"https:\/\/www.rollers-coquillages.org\/fr\/wp-json\/wp\/v2\/posts\/1293\/revisions"}],"predecessor-version":[{"id":1299,"href":"https:\/\/www.rollers-coquillages.org\/fr\/wp-json\/wp\/v2\/posts\/1293\/revisions\/1299"}],"wp:featuredmedia":[{"embeddable":true,"href":"https:\/\/www.rollers-coquillages.org\/fr\/wp-json\/wp\/v2\/media\/1294"}],"wp:attachment":[{"href":"https:\/\/www.rollers-coquillages.org\/fr\/wp-json\/wp\/v2\/media?parent=1293"}],"wp:term":[{"taxonomy":"category","embeddable":true,"href":"https:\/\/www.rollers-coquillages.org\/fr\/wp-json\/wp\/v2\/categories?post=1293"},{"taxonomy":"post_tag","embeddable":true,"href":"https:\/\/www.rollers-coquillages.org\/fr\/wp-json\/wp\/v2\/tags?post=1293"}],"curies":[{"name":"wp","href":"https:\/\/api.w.org\/{rel}","templated":true}]}}